{"id":1551,"date":"2023-03-01T22:09:22","date_gmt":"2023-03-01T21:09:22","guid":{"rendered":"https:\/\/hosteleriauno.es\/blog\/?p=1551"},"modified":"2023-03-03T11:39:53","modified_gmt":"2023-03-03T10:39:53","slug":"hip-horeca-profesional-expo-ifema","status":"publish","type":"post","link":"https:\/\/hosteleriauno.es\/blog\/hip-horeca-profesional-expo-ifema\/","title":{"rendered":"HIP 2023 en IFEMA: cuenta atr\u00e1s"},"content":{"rendered":"<span class=\"rt-reading-time\" style=\"display: block;\"><span class=\"rt-label rt-prefix\">Tiempo de lectura:<\/span> <span class=\"rt-time\">2<\/span> <span class=\"rt-label rt-postfix\">minutos<\/span><\/span><div style='text-align:left' class='yasr-auto-insert-visitor'><\/div><p>La feria HIP 2023 est\u00e1 a punto de celebrarse en Madrid IFEMA, la Horeca Professional Expo. Una cita con la excelencia que re\u00fane a hosteleros y empresas, as\u00ed como <strong>las m\u00e1s novedosas maquinarias y soluciones tecnol\u00f3gicas para impulsar el sector<\/strong>.<\/p>\n<p>M\u00e1s de 500 empresas han confirmado su asistencia para deleitar a los asistentes. Pero tambi\u00e9n vamos a contar con los mejores empresarios, cocineros y chefs, as\u00ed como otras personalidades. Sin duda la HIP 2023 <strong>es un acontecimiento ineludible.<\/strong><\/p>\n<div id=\"ez-toc-container\" class=\"ez-toc-v2_0_69_1 counter-hierarchy ez-toc-counter ez-toc-grey ez-toc-container-direction\">\n<div class=\"ez-toc-title-container\">\n<p class=\"ez-toc-title\" style=\"cursor:inherit\">Tabla o \u00edndice de contenidos:<\/p>\n<span class=\"ez-toc-title-toggle\"><\/span><\/div>\n<nav><ul class='ez-toc-list ez-toc-list-level-1 ' ><li class='ez-toc-page-1 ez-toc-heading-level-2'><a class=\"ez-toc-link ez-toc-heading-1\" href=\"https:\/\/hosteleriauno.es\/blog\/hip-horeca-profesional-expo-ifema\/#Un_escaparate_para_las_marcas\" title=\"Un escaparate para las marcas\">Un escaparate para las marcas<\/a><ul class='ez-toc-list-level-3' ><li class='ez-toc-heading-level-3'><a class=\"ez-toc-link ez-toc-heading-2\" href=\"https:\/\/hosteleriauno.es\/blog\/hip-horeca-profesional-expo-ifema\/#Nuevas_tendencias_para_empresas_HORECA\" title=\"Nuevas tendencias para empresas HORECA\">Nuevas tendencias para empresas HORECA<\/a><\/li><li class='ez-toc-page-1 ez-toc-heading-level-3'><a class=\"ez-toc-link ez-toc-heading-3\" href=\"https:\/\/hosteleriauno.es\/blog\/hip-horeca-profesional-expo-ifema\/#Iremos_a_buscar_novedades_para_ti\" title=\"Iremos a buscar novedades para ti\">Iremos a buscar novedades para ti<\/a><\/li><\/ul><\/li><\/ul><\/nav><\/div>\n<h2><span class=\"ez-toc-section\" id=\"Un_escaparate_para_las_marcas\"><\/span><span style=\"font-size: 18pt;\"><strong><span style=\"font-family: 'trebuchet ms', geneva, sans-serif;\">Un escaparate para las marcas<\/span><\/strong><\/span><span class=\"ez-toc-section-end\"><\/span><\/h2>\n<p>Las m\u00e1s reputadas marcas de bebidas y alimentaci\u00f3n nos traen a la HIP 2023 sus nuevos descubrimientos. Por eso, cuando <strong>buscamos productos gourmet o especiales que dejen huella<\/strong>, los encontraremos aqu\u00ed.<\/p>\n<p>Novedades en alcoholes, aceites, vinos, procesos de cocinado, texturas, dulces. Podr\u00e1s ser el primero en ofrecer las \u00faltimas novedades del mercado \u00bfte lo vas a perder?<\/p>\n<p>Tendremos la oportunidad de escuchar a algunos de los mejores chefs del pa\u00eds. Una representaci\u00f3n de los m\u00e1s exitosos y galardonados. As\u00ed como de disfrutar de la degustaci\u00f3n de diferentes platos exclusivos para IFEMA.<\/p>\n<h3><span class=\"ez-toc-section\" id=\"Nuevas_tendencias_para_empresas_HORECA\"><\/span><strong><span style=\"font-family: 'trebuchet ms', geneva, sans-serif; font-size: 14pt;\">Nuevas tendencias para empresas HORECA<\/span><\/strong><span class=\"ez-toc-section-end\"><\/span><\/h3>\n<p>Es importante conocer todas las tendencias del mercado y mantener nuestros negocios actualizados para no quedarnos fuera. Por eso es tan interesante acudir a estos macro eventos.<\/p>\n<p>Seguro que, si has asistido otras veces, ver\u00e1s que <strong>las ideas fluyen en todas direcciones<\/strong>, tanto si tienes un negocio propio como si deseas abrir uno en breve. Si pesta\u00f1eas te lo pierdes.<\/p>\n<h3><span class=\"ez-toc-section\" id=\"Iremos_a_buscar_novedades_para_ti\"><\/span><strong><span style=\"font-family: 'trebuchet ms', geneva, sans-serif; font-size: 14pt;\">Iremos a buscar novedades para ti<\/span><\/strong><span class=\"ez-toc-section-end\"><\/span><\/h3>\n<p>En <strong>Hosteler\u00eda UNO<\/strong> siempre estamos atentos a todas las novedades que puedan beneficiar a tu negocio. Y por eso estos d\u00edas est\u00e1n tatuados en nuestra agenda.<\/p>\n<p>Estamos deseando disfrutar un a\u00f1o m\u00e1s de esta gran feria de los hoteles, restaurantes y cafeter\u00edas. Pronto podremos ofrecerte nuevos productos que hagan las delicias de tus clientes, porque <strong>estamos para ayudarte<\/strong> y en la HIP 2023 encontraremos c\u00f3mo.<\/p>\n<div class=\"author-box\"><div class=\"author-box-image\"><img alt=\"Hosteleria UNO\" src=\"https:\/\/hosteleriauno.es\/blog\/wp-content\/uploads\/2019\/05\/hosteleria.png\"><\/div><div class=\"author-box-text\"><p class=\"author-name\">Hosteler\u00eda UNO<\/p><p class=\"author-content\">Ayudamos a profesionales y particulares del sector de la cocina y la hosteler\u00eda. Somos distribuidores de maquinaria, menaje, mobiliario, suministros y equipos para hosteler\u00eda a trav\u00e9s de nuestra <a href=\"https:\/\/hosteleriauno.es\/\">Tienda online<\/a>. <\/p><\/div><div class=\"clear\"><\/div><\/div>\n<div style='text-align:left' class='yasr-auto-insert-visitor'><\/div>","protected":false},"excerpt":{"rendered":"<p><span class=\"rt-reading-time\" style=\"display: block;\"><span class=\"rt-label rt-prefix\">Tiempo de lectura:<\/span> <span class=\"rt-time\">2<\/span> <span class=\"rt-label rt-postfix\">minutos<\/span><\/span> La feria HIP 2023 est\u00e1 a punto de celebrarse en Madrid IFEMA, la Horeca Professional Expo. Una cita con la excelencia que re\u00fane a hosteleros y empresas, as\u00ed como las m\u00e1s novedosas maquinarias y soluciones tecnol\u00f3gicas para impulsar el sector. M\u00e1s de 500 empresas han confirmado su asistencia para deleitar a los asistentes. Pero tambi\u00e9n&hellip; <br \/> <a class=\"read-more\" href=\"https:\/\/hosteleriauno.es\/blog\/hip-horeca-profesional-expo-ifema\/\">Leer m\u00e1s<\/a><\/p>\n","protected":false},"author":3,"featured_media":1553,"comment_status":"open","ping_status":"open","sticky":false,"template":"","format":"standard","meta":{"yasr_overall_rating":0,"yasr_post_is_review":"","yasr_auto_insert_disabled":"","yasr_review_type":""},"categories":[5,4,3],"tags":[],"yoast_head":"<!-- This site is optimized with the Yoast SEO plugin v20.5 - https:\/\/yoast.com\/wordpress\/plugins\/seo\/ -->\n<title>HIP 2023 en IFEMA | Horeca Professional Expo<\/title>\n<meta name=\"description\" content=\"La feria HIP 2023 est\u00e1 a punto de celebrarse en Madrid IFEMA, la Horeca Professional Expo. Te lo contamos todo aqu\u00ed en este post.\" \/>\n<meta name=\"robots\" content=\"index, follow, max-snippet:-1, max-image-preview:large, max-video-preview:-1\" \/>\n<link rel=\"canonical\" href=\"https:\/\/hosteleriauno.es\/blog\/hip-horeca-profesional-expo-ifema\/\" \/>\n<meta property=\"og:locale\" content=\"es_ES\" \/>\n<meta property=\"og:type\" content=\"article\" \/>\n<meta property=\"og:title\" content=\"HIP 2023 en IFEMA | Horeca Professional Expo\" \/>\n<meta property=\"og:description\" content=\"La feria HIP 2023 est\u00e1 a punto de celebrarse en Madrid IFEMA, la Horeca Professional Expo. Te lo contamos todo aqu\u00ed en este post.\" \/>\n<meta property=\"og:url\" content=\"https:\/\/hosteleriauno.es\/blog\/hip-horeca-profesional-expo-ifema\/\" \/>\n<meta property=\"og:site_name\" content=\"Blog Hosteler\u00eda y Cocina\" \/>\n<meta property=\"article:published_time\" content=\"2023-03-01T21:09:22+00:00\" \/>\n<meta property=\"article:modified_time\" content=\"2023-03-03T10:39:53+00:00\" \/>\n<meta property=\"og:image\" content=\"https:\/\/hosteleriauno.es\/blog\/wp-content\/uploads\/2023\/03\/HIP-hosteleria.png\" \/>\n\t<meta property=\"og:image:width\" content=\"946\" \/>\n\t<meta property=\"og:image:height\" content=\"530\" \/>\n\t<meta property=\"og:image:type\" content=\"image\/png\" \/>\n<meta name=\"author\" content=\"Manuel7Espejo\" \/>\n<meta name=\"twitter:card\" content=\"summary_large_image\" \/>\n<meta name=\"twitter:label1\" content=\"Escrito por\" \/>\n\t<meta name=\"twitter:data1\" content=\"\" \/>\n\t<meta name=\"twitter:label2\" content=\"Tiempo de lectura\" \/>\n\t<meta name=\"twitter:data2\" content=\"2 minutos\" \/>\n<script type=\"application\/ld+json\" class=\"yoast-schema-graph\">{\"@context\":\"https:\/\/schema.org\",\"@graph\":[{\"@type\":\"Article\",\"@id\":\"https:\/\/hosteleriauno.es\/blog\/hip-horeca-profesional-expo-ifema\/#article\",\"isPartOf\":{\"@id\":\"https:\/\/hosteleriauno.es\/blog\/hip-horeca-profesional-expo-ifema\/\"},\"author\":{\"name\":\"Manuel7Espejo\",\"@id\":\"https:\/\/hosteleriauno.es\/blog\/#\/schema\/person\/c7f48a1c9eae2a5b9d9e632a92a48dbc\"},\"headline\":\"HIP 2023 en IFEMA: cuenta atr\u00e1s\",\"datePublished\":\"2023-03-01T21:09:22+00:00\",\"dateModified\":\"2023-03-03T10:39:53+00:00\",\"mainEntityOfPage\":{\"@id\":\"https:\/\/hosteleriauno.es\/blog\/hip-horeca-profesional-expo-ifema\/\"},\"wordCount\":382,\"commentCount\":0,\"publisher\":{\"@id\":\"https:\/\/hosteleriauno.es\/blog\/#organization\"},\"articleSection\":[\"Gastronom\u00eda\",\"Maquinaria de Hosteler\u00eda\",\"Restaurantes\"],\"inLanguage\":\"es\",\"potentialAction\":[{\"@type\":\"CommentAction\",\"name\":\"Comment\",\"target\":[\"https:\/\/hosteleriauno.es\/blog\/hip-horeca-profesional-expo-ifema\/#respond\"]}]},{\"@type\":\"WebPage\",\"@id\":\"https:\/\/hosteleriauno.es\/blog\/hip-horeca-profesional-expo-ifema\/\",\"url\":\"https:\/\/hosteleriauno.es\/blog\/hip-horeca-profesional-expo-ifema\/\",\"name\":\"HIP 2023 en IFEMA | Horeca Professional Expo\",\"isPartOf\":{\"@id\":\"https:\/\/hosteleriauno.es\/blog\/#website\"},\"datePublished\":\"2023-03-01T21:09:22+00:00\",\"dateModified\":\"2023-03-03T10:39:53+00:00\",\"description\":\"La feria HIP 2023 est\u00e1 a punto de celebrarse en Madrid IFEMA, la Horeca Professional Expo. Te lo contamos todo aqu\u00ed en este post.\",\"breadcrumb\":{\"@id\":\"https:\/\/hosteleriauno.es\/blog\/hip-horeca-profesional-expo-ifema\/#breadcrumb\"},\"inLanguage\":\"es\",\"potentialAction\":[{\"@type\":\"ReadAction\",\"target\":[\"https:\/\/hosteleriauno.es\/blog\/hip-horeca-profesional-expo-ifema\/\"]}]},{\"@type\":\"BreadcrumbList\",\"@id\":\"https:\/\/hosteleriauno.es\/blog\/hip-horeca-profesional-expo-ifema\/#breadcrumb\",\"itemListElement\":[{\"@type\":\"ListItem\",\"position\":1,\"name\":\"Portada\",\"item\":\"https:\/\/hosteleriauno.es\/blog\/\"},{\"@type\":\"ListItem\",\"position\":2,\"name\":\"HIP 2023 en IFEMA: cuenta atr\u00e1s\"}]},{\"@type\":\"WebSite\",\"@id\":\"https:\/\/hosteleriauno.es\/blog\/#website\",\"url\":\"https:\/\/hosteleriauno.es\/blog\/\",\"name\":\"Blog Hosteler\u00eda y Cocina\",\"description\":\"Consejos, Maquinaria, Trucos\",\"publisher\":{\"@id\":\"https:\/\/hosteleriauno.es\/blog\/#organization\"},\"potentialAction\":[{\"@type\":\"SearchAction\",\"target\":{\"@type\":\"EntryPoint\",\"urlTemplate\":\"https:\/\/hosteleriauno.es\/blog\/?s={search_term_string}\"},\"query-input\":\"required name=search_term_string\"}],\"inLanguage\":\"es\"},{\"@type\":\"Organization\",\"@id\":\"https:\/\/hosteleriauno.es\/blog\/#organization\",\"name\":\"Blog Hosteler\u00eda y Cocina\",\"url\":\"https:\/\/hosteleriauno.es\/blog\/\",\"logo\":{\"@type\":\"ImageObject\",\"inLanguage\":\"es\",\"@id\":\"https:\/\/hosteleriauno.es\/blog\/#\/schema\/logo\/image\/\",\"url\":\"https:\/\/hosteleriauno.es\/blog\/wp-content\/uploads\/2022\/06\/hosteleria-uno-logo.png\",\"contentUrl\":\"https:\/\/hosteleriauno.es\/blog\/wp-content\/uploads\/2022\/06\/hosteleria-uno-logo.png\",\"width\":1082,\"height\":168,\"caption\":\"Blog Hosteler\u00eda y Cocina\"},\"image\":{\"@id\":\"https:\/\/hosteleriauno.es\/blog\/#\/schema\/logo\/image\/\"}},{\"@type\":\"Person\",\"@id\":\"https:\/\/hosteleriauno.es\/blog\/#\/schema\/person\/c7f48a1c9eae2a5b9d9e632a92a48dbc\",\"name\":\"Manuel7Espejo\",\"image\":{\"@type\":\"ImageObject\",\"inLanguage\":\"es\",\"@id\":\"https:\/\/hosteleriauno.es\/blog\/#\/schema\/person\/image\/\",\"url\":\"https:\/\/secure.gravatar.com\/avatar\/67c559d0596db59e3f8e960878fb4251?s=96&d=mm&r=g\",\"contentUrl\":\"https:\/\/secure.gravatar.com\/avatar\/67c559d0596db59e3f8e960878fb4251?s=96&d=mm&r=g\",\"caption\":\"Manuel7Espejo\"}},false]}<\/script>\n<!-- \/ Yoast SEO plugin. -->","yoast_head_json":{"title":"HIP 2023 en IFEMA | Horeca Professional Expo","description":"La feria HIP 2023 est\u00e1 a punto de celebrarse en Madrid IFEMA, la Horeca Professional Expo. Te lo contamos todo aqu\u00ed en este post.","robots":{"index":"index","follow":"follow","max-snippet":"max-snippet:-1","max-image-preview":"max-image-preview:large","max-video-preview":"max-video-preview:-1"},"canonical":"https:\/\/hosteleriauno.es\/blog\/hip-horeca-profesional-expo-ifema\/","og_locale":"es_ES","og_type":"article","og_title":"HIP 2023 en IFEMA | Horeca Professional Expo","og_description":"La feria HIP 2023 est\u00e1 a punto de celebrarse en Madrid IFEMA, la Horeca Professional Expo. Te lo contamos todo aqu\u00ed en este post.","og_url":"https:\/\/hosteleriauno.es\/blog\/hip-horeca-profesional-expo-ifema\/","og_site_name":"Blog Hosteler\u00eda y Cocina","article_published_time":"2023-03-01T21:09:22+00:00","article_modified_time":"2023-03-03T10:39:53+00:00","og_image":[{"width":946,"height":530,"url":"https:\/\/hosteleriauno.es\/blog\/wp-content\/uploads\/2023\/03\/HIP-hosteleria.png","type":"image\/png"}],"author":"Manuel7Espejo","twitter_card":"summary_large_image","twitter_misc":{"Escrito por":false,"Tiempo de lectura":"2 minutos"},"schema":{"@context":"https:\/\/schema.org","@graph":[{"@type":"Article","@id":"https:\/\/hosteleriauno.es\/blog\/hip-horeca-profesional-expo-ifema\/#article","isPartOf":{"@id":"https:\/\/hosteleriauno.es\/blog\/hip-horeca-profesional-expo-ifema\/"},"author":{"name":"Manuel7Espejo","@id":"https:\/\/hosteleriauno.es\/blog\/#\/schema\/person\/c7f48a1c9eae2a5b9d9e632a92a48dbc"},"headline":"HIP 2023 en IFEMA: cuenta atr\u00e1s","datePublished":"2023-03-01T21:09:22+00:00","dateModified":"2023-03-03T10:39:53+00:00","mainEntityOfPage":{"@id":"https:\/\/hosteleriauno.es\/blog\/hip-horeca-profesional-expo-ifema\/"},"wordCount":382,"commentCount":0,"publisher":{"@id":"https:\/\/hosteleriauno.es\/blog\/#organization"},"articleSection":["Gastronom\u00eda","Maquinaria de Hosteler\u00eda","Restaurantes"],"inLanguage":"es","potentialAction":[{"@type":"CommentAction","name":"Comment","target":["https:\/\/hosteleriauno.es\/blog\/hip-horeca-profesional-expo-ifema\/#respond"]}]},{"@type":"WebPage","@id":"https:\/\/hosteleriauno.es\/blog\/hip-horeca-profesional-expo-ifema\/","url":"https:\/\/hosteleriauno.es\/blog\/hip-horeca-profesional-expo-ifema\/","name":"HIP 2023 en IFEMA | Horeca Professional Expo","isPartOf":{"@id":"https:\/\/hosteleriauno.es\/blog\/#website"},"datePublished":"2023-03-01T21:09:22+00:00","dateModified":"2023-03-03T10:39:53+00:00","description":"La feria HIP 2023 est\u00e1 a punto de celebrarse en Madrid IFEMA, la Horeca Professional Expo. Te lo contamos todo aqu\u00ed en este post.","breadcrumb":{"@id":"https:\/\/hosteleriauno.es\/blog\/hip-horeca-profesional-expo-ifema\/#breadcrumb"},"inLanguage":"es","potentialAction":[{"@type":"ReadAction","target":["https:\/\/hosteleriauno.es\/blog\/hip-horeca-profesional-expo-ifema\/"]}]},{"@type":"BreadcrumbList","@id":"https:\/\/hosteleriauno.es\/blog\/hip-horeca-profesional-expo-ifema\/#breadcrumb","itemListElement":[{"@type":"ListItem","position":1,"name":"Portada","item":"https:\/\/hosteleriauno.es\/blog\/"},{"@type":"ListItem","position":2,"name":"HIP 2023 en IFEMA: cuenta atr\u00e1s"}]},{"@type":"WebSite","@id":"https:\/\/hosteleriauno.es\/blog\/#website","url":"https:\/\/hosteleriauno.es\/blog\/","name":"Blog Hosteler\u00eda y Cocina","description":"Consejos, Maquinaria, Trucos","publisher":{"@id":"https:\/\/hosteleriauno.es\/blog\/#organization"},"potentialAction":[{"@type":"SearchAction","target":{"@type":"EntryPoint","urlTemplate":"https:\/\/hosteleriauno.es\/blog\/?s={search_term_string}"},"query-input":"required name=search_term_string"}],"inLanguage":"es"},{"@type":"Organization","@id":"https:\/\/hosteleriauno.es\/blog\/#organization","name":"Blog Hosteler\u00eda y Cocina","url":"https:\/\/hosteleriauno.es\/blog\/","logo":{"@type":"ImageObject","inLanguage":"es","@id":"https:\/\/hosteleriauno.es\/blog\/#\/schema\/logo\/image\/","url":"https:\/\/hosteleriauno.es\/blog\/wp-content\/uploads\/2022\/06\/hosteleria-uno-logo.png","contentUrl":"https:\/\/hosteleriauno.es\/blog\/wp-content\/uploads\/2022\/06\/hosteleria-uno-logo.png","width":1082,"height":168,"caption":"Blog Hosteler\u00eda y Cocina"},"image":{"@id":"https:\/\/hosteleriauno.es\/blog\/#\/schema\/logo\/image\/"}},{"@type":"Person","@id":"https:\/\/hosteleriauno.es\/blog\/#\/schema\/person\/c7f48a1c9eae2a5b9d9e632a92a48dbc","name":"Manuel7Espejo","image":{"@type":"ImageObject","inLanguage":"es","@id":"https:\/\/hosteleriauno.es\/blog\/#\/schema\/person\/image\/","url":"https:\/\/secure.gravatar.com\/avatar\/67c559d0596db59e3f8e960878fb4251?s=96&d=mm&r=g","contentUrl":"https:\/\/secure.gravatar.com\/avatar\/67c559d0596db59e3f8e960878fb4251?s=96&d=mm&r=g","caption":"Manuel7Espejo"}},false]}},"yasr_visitor_votes":{"stars_attributes":{"read_only":false,"span_bottom":false},"number_of_votes":3,"sum_votes":15},"_links":{"self":[{"href":"https:\/\/hosteleriauno.es\/blog\/wp-json\/wp\/v2\/posts\/1551"}],"collection":[{"href":"https:\/\/hosteleriauno.es\/blog\/wp-json\/wp\/v2\/posts"}],"about":[{"href":"https:\/\/hosteleriauno.es\/blog\/wp-json\/wp\/v2\/types\/post"}],"author":[{"embeddable":true,"href":"https:\/\/hosteleriauno.es\/blog\/wp-json\/wp\/v2\/users\/3"}],"replies":[{"embeddable":true,"href":"https:\/\/hosteleriauno.es\/blog\/wp-json\/wp\/v2\/comments?post=1551"}],"version-history":[{"count":1,"href":"https:\/\/hosteleriauno.es\/blog\/wp-json\/wp\/v2\/posts\/1551\/revisions"}],"predecessor-version":[{"id":1552,"href":"https:\/\/hosteleriauno.es\/blog\/wp-json\/wp\/v2\/posts\/1551\/revisions\/1552"}],"wp:featuredmedia":[{"embeddable":true,"href":"https:\/\/hosteleriauno.es\/blog\/wp-json\/wp\/v2\/media\/1553"}],"wp:attachment":[{"href":"https:\/\/hosteleriauno.es\/blog\/wp-json\/wp\/v2\/media?parent=1551"}],"wp:term":[{"taxonomy":"category","embeddable":true,"href":"https:\/\/hosteleriauno.es\/blog\/wp-json\/wp\/v2\/categories?post=1551"},{"taxonomy":"post_tag","embeddable":true,"href":"https:\/\/hosteleriauno.es\/blog\/wp-json\/wp\/v2\/tags?post=1551"}],"curies":[{"name":"wp","href":"https:\/\/api.w.org\/{rel}","templated":true}]}}